{"id":4472,"date":"2024-03-07T12:33:36","date_gmt":"2024-03-07T18:33:36","guid":{"rendered":"https:\/\/www.textile.gt\/?p=4472"},"modified":"2024-03-07T13:07:33","modified_gmt":"2024-03-07T19:07:33","slug":"let-the-temperature-rise-sublimation-and-summer","status":"publish","type":"post","link":"https:\/\/www.textile.gt\/es\/let-the-temperature-rise-sublimation-and-summer\/","title":{"rendered":"\u00a1Que suba la temperatura, la sublimaci\u00f3n y el verano!"},"content":{"rendered":"<div data-elementor-type=\"wp-post\" data-elementor-id=\"4472\" class=\"elementor elementor-4472\">\n\t\t\t\t\t\t\t\t\t<section class=\"elementor-section elementor-top-section elementor-element elementor-element-65be307 elementor-section-boxed elementor-section-height-default elementor-section-height-default\" data-id=\"65be307\" data-element_type=\"section\">\n\t\t\t\t\t\t<div class=\"elementor-container elementor-column-gap-no\">\n\t\t\t\t\t<div class=\"elementor-column elementor-col-100 elementor-top-column elementor-element elementor-element-520ebca\" data-id=\"520ebca\" data-element_type=\"column\">\n\t\t\t<div class=\"elementor-widget-wrap elementor-element-populated\">\n\t\t\t\t\t\t\t\t<div class=\"elementor-element elementor-element-d63c703 elementor-widget elementor-widget-heading\" data-id=\"d63c703\" data-element_type=\"widget\" data-widget_type=\"heading.default\">\n\t\t\t\t<div class=\"elementor-widget-container\">\n\t\t\t<style>\/*! elementor - v3.7.8 - 02-10-2022 *\/\n.elementor-heading-title{padding:0;margin:0;line-height:1}.elementor-widget-heading .elementor-heading-title[class*=elementor-size-]>a{color:inherit;font-size:inherit;line-height:inherit}.elementor-widget-heading .elementor-heading-title.elementor-size-small{font-size:15px}.elementor-widget-heading .elementor-heading-title.elementor-size-medium{font-size:19px}.elementor-widget-heading .elementor-heading-title.elementor-size-large{font-size:29px}.elementor-widget-heading .elementor-heading-title.elementor-size-xl{font-size:39px}.elementor-widget-heading .elementor-heading-title.elementor-size-xxl{font-size:59px}<\/style><h2 class=\"elementor-heading-title elementor-size-default\">\u00a1Que suba la temperatura, la sublimaci\u00f3n y el verano!<\/h2>\t\t<\/div>\n\t\t\t\t<\/div>\n\t\t\t\t\t<\/div>\n\t\t<\/div>\n\t\t\t\t\t\t\t<\/div>\n\t\t<\/section>\n\t\t\t\t<section class=\"elementor-section elementor-top-section elementor-element elementor-element-1b1fcde elementor-section-boxed elementor-section-height-default elementor-section-height-default\" data-id=\"1b1fcde\" data-element_type=\"section\">\n\t\t\t\t\t\t<div class=\"elementor-container elementor-column-gap-default\">\n\t\t\t\t\t<div class=\"elementor-column elementor-col-100 elementor-top-column elementor-element elementor-element-670494d\" data-id=\"670494d\" data-element_type=\"column\">\n\t\t\t<div class=\"elementor-widget-wrap elementor-element-populated\">\n\t\t\t\t\t\t\t\t<div class=\"elementor-element elementor-element-394a6a0 elementor-widget elementor-widget-image\" data-id=\"394a6a0\" data-element_type=\"widget\" data-widget_type=\"image.default\">\n\t\t\t\t<div class=\"elementor-widget-container\">\n\t\t\t<style>\/*! elementor - v3.7.8 - 02-10-2022 *\/\n.elementor-widget-image{text-align:center}.elementor-widget-image a{display:inline-block}.elementor-widget-image a img[src$=\".svg\"]{width:48px}.elementor-widget-image img{vertical-align:middle;display:inline-block}<\/style>\t\t\t\t\t\t\t\t\t\t\t\t<img loading=\"lazy\" decoding=\"async\" width=\"1080\" height=\"566\" src=\"https:\/\/www.textile.gt\/wp-content\/uploads\/2024\/03\/let-the-temperature-rise-sublimation-and-summer.jpg\" class=\"attachment-full size-full\" alt=\"\" srcset=\"https:\/\/www.textile.gt\/wp-content\/uploads\/2024\/03\/let-the-temperature-rise-sublimation-and-summer.jpg 1080w, https:\/\/www.textile.gt\/wp-content\/uploads\/2024\/03\/let-the-temperature-rise-sublimation-and-summer-300x157.jpg 300w, https:\/\/www.textile.gt\/wp-content\/uploads\/2024\/03\/let-the-temperature-rise-sublimation-and-summer-1024x537.jpg 1024w, https:\/\/www.textile.gt\/wp-content\/uploads\/2024\/03\/let-the-temperature-rise-sublimation-and-summer-768x402.jpg 768w, https:\/\/www.textile.gt\/wp-content\/uploads\/2024\/03\/let-the-temperature-rise-sublimation-and-summer-18x9.jpg 18w\" sizes=\"auto, (max-width: 1080px) 100vw, 1080px\" \/>\t\t\t\t\t\t\t\t\t\t\t\t\t\t\t<\/div>\n\t\t\t\t<\/div>\n\t\t\t\t\t<\/div>\n\t\t<\/div>\n\t\t\t\t\t\t\t<\/div>\n\t\t<\/section>\n\t\t\t\t<section class=\"elementor-section elementor-top-section elementor-element elementor-element-5f84f4b elementor-section-boxed elementor-section-height-default elementor-section-height-default\" data-id=\"5f84f4b\" data-element_type=\"section\">\n\t\t\t\t\t\t<div class=\"elementor-container elementor-column-gap-default\">\n\t\t\t\t\t<div class=\"elementor-column elementor-col-100 elementor-top-column elementor-element elementor-element-3d89429\" data-id=\"3d89429\" data-element_type=\"column\">\n\t\t\t<div class=\"elementor-widget-wrap elementor-element-populated\">\n\t\t\t\t\t\t\t\t<div class=\"elementor-element elementor-element-899ba66 elementor-invisible elementor-widget elementor-widget-text-editor\" data-id=\"899ba66\" data-element_type=\"widget\" data-settings=\"{&quot;_animation&quot;:&quot;fadeInLeft&quot;}\" data-widget_type=\"text-editor.default\">\n\t\t\t\t<div class=\"elementor-widget-container\">\n\t\t\t<style>\/*! elementor - v3.7.8 - 02-10-2022 *\/\n.elementor-widget-text-editor.elementor-drop-cap-view-stacked .elementor-drop-cap{background-color:#818a91;color:#fff}.elementor-widget-text-editor.elementor-drop-cap-view-framed .elementor-drop-cap{color:#818a91;border:3px solid;background-color:transparent}.elementor-widget-text-editor:not(.elementor-drop-cap-view-default) .elementor-drop-cap{margin-top:8px}.elementor-widget-text-editor:not(.elementor-drop-cap-view-default) .elementor-drop-cap-letter{width:1em;height:1em}.elementor-widget-text-editor .elementor-drop-cap{float:left;text-align:center;line-height:1;font-size:50px}.elementor-widget-text-editor .elementor-drop-cap-letter{display:inline-block}<\/style>\t\t\t\t<p>Ya sumergidos en el verano, todo nos refiere a arena, mar y calor... mucho calor. Puede que sea momento de alistar las maletas y aprovechar la temporada para un buen chapuz\u00f3n; a nosotros, el calor nos recuerda el proceso de la sublimaci\u00f3n, pues d\u00eda a d\u00eda miles de yardas de tela son expuestas a altas temperaturas en nuestras instalaciones.<\/p><p>La sublimaci\u00f3n utiliza el calor como un gran aliado, tras asegurarnos que el dise\u00f1o y los colores son los que buscamos, estos son impresos en un papel de alta calidad con tintas especiales.<\/p><p>Una vez el papel est\u00e1 impreso, estamos listos para el siguiente paso del proceso: la estampaci\u00f3n. A una temperatura de hasta los 215\u00b0C el papel y la tela son perfectamente alineados. Con el calor, la tela se abre y la tinta se sublima, pasando al estado gaseoso e impregn\u00e1ndose en la tela de manera permanente.<\/p><p>Es importante ajustar el tiempo y la presi\u00f3n de planchado seg\u00fan el tipo de tela o material, ya que algunos pueden ser m\u00e1s sensibles al calor que otros materiales. Nuestro equipo y maquinaria se especializa en realizar este proceso con una alta atenci\u00f3n al detalle.<\/p><p>El calor nos permite que el color sea vibrante en la tela y una nitidez en la imagen y los detalles. As\u00ed que s\u00ed, amamos el calor y lo aprovechamos para asegurar que aprovechamos todos sus beneficios en el proceso de sublimaci\u00f3n en tu proyecto.<\/p>\t\t\t\t\t\t<\/div>\n\t\t\t\t<\/div>\n\t\t\t\t\t<\/div>\n\t\t<\/div>\n\t\t\t\t\t\t\t<\/div>\n\t\t<\/section>\n\t\t\t\t\t\t\t<\/div>","protected":false},"excerpt":{"rendered":"<p>Let the temperature rise, sublimation and summer! Already immersed in summer, everything refers to sand, sea and heat&#8230; a lot of heat. It may be time to pack your bags and take advantage of the season for a good dip; For us, heat reminds us of the sublimation process, since everyday thousands of yards of [&hellip;]<\/p>","protected":false},"author":1,"featured_media":4474,"comment_status":"closed","ping_status":"closed","sticky":false,"template":"elementor_header_footer","format":"standard","meta":{"footnotes":""},"categories":[9],"tags":[],"class_list":["post-4472","post","type-post","status-publish","format-standard","has-post-thumbnail","hentry","category-blog"],"yoast_head":"<!-- This site is optimized with the Yoast SEO plugin v23.1 - https:\/\/yoast.com\/wordpress\/plugins\/seo\/ -->\n<title>Let the temperature rise, sublimation and summer! - Textile Guatemala<\/title>\n<meta name=\"robots\" content=\"index, follow, max-snippet:-1, max-image-preview:large, max-video-preview:-1\" \/>\n<link rel=\"canonical\" href=\"https:\/\/www.textile.gt\/es\/let-the-temperature-rise-sublimation-and-summer\/\" \/>\n<meta property=\"og:locale\" content=\"es_ES\" \/>\n<meta property=\"og:type\" content=\"article\" \/>\n<meta property=\"og:title\" content=\"Let the temperature rise, sublimation and summer! - Textile Guatemala\" \/>\n<meta property=\"og:description\" content=\"Let the temperature rise, sublimation and summer! Already immersed in summer, everything refers to sand, sea and heat&#8230; a lot of heat. It may be time to pack your bags and take advantage of the season for a good dip; For us, heat reminds us of the sublimation process, since everyday thousands of yards of [&hellip;]\" \/>\n<meta property=\"og:url\" content=\"https:\/\/www.textile.gt\/es\/let-the-temperature-rise-sublimation-and-summer\/\" \/>\n<meta property=\"og:site_name\" content=\"Textile Guatemala\" \/>\n<meta property=\"article:publisher\" content=\"https:\/\/www.facebook.com\/Textile.gt\" \/>\n<meta property=\"article:published_time\" content=\"2024-03-07T18:33:36+00:00\" \/>\n<meta property=\"article:modified_time\" content=\"2024-03-07T19:07:33+00:00\" \/>\n<meta property=\"og:image\" content=\"https:\/\/www.textile.gt\/wp-content\/uploads\/2024\/03\/let-the-temperature-rise-sublimation-and-summer.jpg\" \/>\n\t<meta property=\"og:image:width\" content=\"1080\" \/>\n\t<meta property=\"og:image:height\" content=\"566\" \/>\n\t<meta property=\"og:image:type\" content=\"image\/jpeg\" \/>\n<meta name=\"author\" content=\"swadmin\" \/>\n<meta name=\"twitter:card\" content=\"summary_large_image\" \/>\n<meta name=\"twitter:label1\" content=\"Written by\" \/>\n\t<meta name=\"twitter:data1\" content=\"swadmin\" \/>\n\t<meta name=\"twitter:label2\" content=\"Est. reading time\" \/>\n\t<meta name=\"twitter:data2\" content=\"2 minutos\" \/>\n<script type=\"application\/ld+json\" class=\"yoast-schema-graph\">{\"@context\":\"https:\/\/schema.org\",\"@graph\":[{\"@type\":\"Article\",\"@id\":\"https:\/\/www.textile.gt\/let-the-temperature-rise-sublimation-and-summer\/#article\",\"isPartOf\":{\"@id\":\"https:\/\/www.textile.gt\/let-the-temperature-rise-sublimation-and-summer\/\"},\"author\":{\"name\":\"swadmin\",\"@id\":\"https:\/\/www.textile.gt\/#\/schema\/person\/75265f99e2cf25d609636831cc2f8b39\"},\"headline\":\"Let the temperature rise, sublimation and summer!\",\"datePublished\":\"2024-03-07T18:33:36+00:00\",\"dateModified\":\"2024-03-07T19:07:33+00:00\",\"mainEntityOfPage\":{\"@id\":\"https:\/\/www.textile.gt\/let-the-temperature-rise-sublimation-and-summer\/\"},\"wordCount\":242,\"publisher\":{\"@id\":\"https:\/\/www.textile.gt\/#organization\"},\"image\":{\"@id\":\"https:\/\/www.textile.gt\/let-the-temperature-rise-sublimation-and-summer\/#primaryimage\"},\"thumbnailUrl\":\"https:\/\/www.textile.gt\/wp-content\/uploads\/2024\/03\/let-the-temperature-rise-sublimation-and-summer.jpg\",\"articleSection\":[\"Blog\"],\"inLanguage\":\"es\"},{\"@type\":\"WebPage\",\"@id\":\"https:\/\/www.textile.gt\/let-the-temperature-rise-sublimation-and-summer\/\",\"url\":\"https:\/\/www.textile.gt\/let-the-temperature-rise-sublimation-and-summer\/\",\"name\":\"Let the temperature rise, sublimation and summer! - Textile Guatemala\",\"isPartOf\":{\"@id\":\"https:\/\/www.textile.gt\/#website\"},\"primaryImageOfPage\":{\"@id\":\"https:\/\/www.textile.gt\/let-the-temperature-rise-sublimation-and-summer\/#primaryimage\"},\"image\":{\"@id\":\"https:\/\/www.textile.gt\/let-the-temperature-rise-sublimation-and-summer\/#primaryimage\"},\"thumbnailUrl\":\"https:\/\/www.textile.gt\/wp-content\/uploads\/2024\/03\/let-the-temperature-rise-sublimation-and-summer.jpg\",\"datePublished\":\"2024-03-07T18:33:36+00:00\",\"dateModified\":\"2024-03-07T19:07:33+00:00\",\"breadcrumb\":{\"@id\":\"https:\/\/www.textile.gt\/let-the-temperature-rise-sublimation-and-summer\/#breadcrumb\"},\"inLanguage\":\"es\",\"potentialAction\":[{\"@type\":\"ReadAction\",\"target\":[\"https:\/\/www.textile.gt\/let-the-temperature-rise-sublimation-and-summer\/\"]}]},{\"@type\":\"ImageObject\",\"inLanguage\":\"es\",\"@id\":\"https:\/\/www.textile.gt\/let-the-temperature-rise-sublimation-and-summer\/#primaryimage\",\"url\":\"https:\/\/www.textile.gt\/wp-content\/uploads\/2024\/03\/let-the-temperature-rise-sublimation-and-summer.jpg\",\"contentUrl\":\"https:\/\/www.textile.gt\/wp-content\/uploads\/2024\/03\/let-the-temperature-rise-sublimation-and-summer.jpg\",\"width\":1080,\"height\":566},{\"@type\":\"BreadcrumbList\",\"@id\":\"https:\/\/www.textile.gt\/let-the-temperature-rise-sublimation-and-summer\/#breadcrumb\",\"itemListElement\":[{\"@type\":\"ListItem\",\"position\":1,\"name\":\"Home\",\"item\":\"https:\/\/www.textile.gt\/\"},{\"@type\":\"ListItem\",\"position\":2,\"name\":\"Let the temperature rise, sublimation and summer!\"}]},{\"@type\":\"WebSite\",\"@id\":\"https:\/\/www.textile.gt\/#website\",\"url\":\"https:\/\/www.textile.gt\/\",\"name\":\"Textile Guatemala\",\"description\":\"\",\"publisher\":{\"@id\":\"https:\/\/www.textile.gt\/#organization\"},\"potentialAction\":[{\"@type\":\"SearchAction\",\"target\":{\"@type\":\"EntryPoint\",\"urlTemplate\":\"https:\/\/www.textile.gt\/?s={search_term_string}\"},\"query-input\":\"required name=search_term_string\"}],\"inLanguage\":\"es\"},{\"@type\":\"Organization\",\"@id\":\"https:\/\/www.textile.gt\/#organization\",\"name\":\"Textile Guatemala\",\"url\":\"https:\/\/www.textile.gt\/\",\"logo\":{\"@type\":\"ImageObject\",\"inLanguage\":\"es\",\"@id\":\"https:\/\/www.textile.gt\/#\/schema\/logo\/image\/\",\"url\":\"https:\/\/www.textile.gt\/wp-content\/uploads\/2022\/06\/cropped-LOGO-AZUL-TEXTILE.png\",\"contentUrl\":\"https:\/\/www.textile.gt\/wp-content\/uploads\/2022\/06\/cropped-LOGO-AZUL-TEXTILE.png\",\"width\":512,\"height\":512,\"caption\":\"Textile Guatemala\"},\"image\":{\"@id\":\"https:\/\/www.textile.gt\/#\/schema\/logo\/image\/\"},\"sameAs\":[\"https:\/\/www.facebook.com\/Textile.gt\",\"https:\/\/www.instagram.com\/\"]},{\"@type\":\"Person\",\"@id\":\"https:\/\/www.textile.gt\/#\/schema\/person\/75265f99e2cf25d609636831cc2f8b39\",\"name\":\"swadmin\",\"image\":{\"@type\":\"ImageObject\",\"inLanguage\":\"es\",\"@id\":\"https:\/\/www.textile.gt\/#\/schema\/person\/image\/\",\"url\":\"https:\/\/secure.gravatar.com\/avatar\/f7fe9a071c5dbbd7e32883b6a94e8e60cae391dc45bd58dde8e8b07aefe7c750?s=96&d=mm&r=g\",\"contentUrl\":\"https:\/\/secure.gravatar.com\/avatar\/f7fe9a071c5dbbd7e32883b6a94e8e60cae391dc45bd58dde8e8b07aefe7c750?s=96&d=mm&r=g\",\"caption\":\"swadmin\"},\"sameAs\":[\"https:\/\/dev-textile-gt.pantheonsite.io\"],\"url\":\"https:\/\/www.textile.gt\/es\/author\/swadmin\/\"}]}<\/script>\n<!-- \/ Yoast SEO plugin. -->","yoast_head_json":{"title":"Let the temperature rise, sublimation and summer! - Textile Guatemala","robots":{"index":"index","follow":"follow","max-snippet":"max-snippet:-1","max-image-preview":"max-image-preview:large","max-video-preview":"max-video-preview:-1"},"canonical":"https:\/\/www.textile.gt\/es\/let-the-temperature-rise-sublimation-and-summer\/","og_locale":"es_ES","og_type":"article","og_title":"Let the temperature rise, sublimation and summer! - Textile Guatemala","og_description":"Let the temperature rise, sublimation and summer! Already immersed in summer, everything refers to sand, sea and heat&#8230; a lot of heat. It may be time to pack your bags and take advantage of the season for a good dip; For us, heat reminds us of the sublimation process, since everyday thousands of yards of [&hellip;]","og_url":"https:\/\/www.textile.gt\/es\/let-the-temperature-rise-sublimation-and-summer\/","og_site_name":"Textile Guatemala","article_publisher":"https:\/\/www.facebook.com\/Textile.gt","article_published_time":"2024-03-07T18:33:36+00:00","article_modified_time":"2024-03-07T19:07:33+00:00","og_image":[{"width":1080,"height":566,"url":"https:\/\/www.textile.gt\/wp-content\/uploads\/2024\/03\/let-the-temperature-rise-sublimation-and-summer.jpg","type":"image\/jpeg"}],"author":"swadmin","twitter_card":"summary_large_image","twitter_misc":{"Written by":"swadmin","Est. reading time":"2 minutos"},"schema":{"@context":"https:\/\/schema.org","@graph":[{"@type":"Article","@id":"https:\/\/www.textile.gt\/let-the-temperature-rise-sublimation-and-summer\/#article","isPartOf":{"@id":"https:\/\/www.textile.gt\/let-the-temperature-rise-sublimation-and-summer\/"},"author":{"name":"swadmin","@id":"https:\/\/www.textile.gt\/#\/schema\/person\/75265f99e2cf25d609636831cc2f8b39"},"headline":"Let the temperature rise, sublimation and summer!","datePublished":"2024-03-07T18:33:36+00:00","dateModified":"2024-03-07T19:07:33+00:00","mainEntityOfPage":{"@id":"https:\/\/www.textile.gt\/let-the-temperature-rise-sublimation-and-summer\/"},"wordCount":242,"publisher":{"@id":"https:\/\/www.textile.gt\/#organization"},"image":{"@id":"https:\/\/www.textile.gt\/let-the-temperature-rise-sublimation-and-summer\/#primaryimage"},"thumbnailUrl":"https:\/\/www.textile.gt\/wp-content\/uploads\/2024\/03\/let-the-temperature-rise-sublimation-and-summer.jpg","articleSection":["Blog"],"inLanguage":"es"},{"@type":"WebPage","@id":"https:\/\/www.textile.gt\/let-the-temperature-rise-sublimation-and-summer\/","url":"https:\/\/www.textile.gt\/let-the-temperature-rise-sublimation-and-summer\/","name":"Let the temperature rise, sublimation and summer! - Textile Guatemala","isPartOf":{"@id":"https:\/\/www.textile.gt\/#website"},"primaryImageOfPage":{"@id":"https:\/\/www.textile.gt\/let-the-temperature-rise-sublimation-and-summer\/#primaryimage"},"image":{"@id":"https:\/\/www.textile.gt\/let-the-temperature-rise-sublimation-and-summer\/#primaryimage"},"thumbnailUrl":"https:\/\/www.textile.gt\/wp-content\/uploads\/2024\/03\/let-the-temperature-rise-sublimation-and-summer.jpg","datePublished":"2024-03-07T18:33:36+00:00","dateModified":"2024-03-07T19:07:33+00:00","breadcrumb":{"@id":"https:\/\/www.textile.gt\/let-the-temperature-rise-sublimation-and-summer\/#breadcrumb"},"inLanguage":"es","potentialAction":[{"@type":"ReadAction","target":["https:\/\/www.textile.gt\/let-the-temperature-rise-sublimation-and-summer\/"]}]},{"@type":"ImageObject","inLanguage":"es","@id":"https:\/\/www.textile.gt\/let-the-temperature-rise-sublimation-and-summer\/#primaryimage","url":"https:\/\/www.textile.gt\/wp-content\/uploads\/2024\/03\/let-the-temperature-rise-sublimation-and-summer.jpg","contentUrl":"https:\/\/www.textile.gt\/wp-content\/uploads\/2024\/03\/let-the-temperature-rise-sublimation-and-summer.jpg","width":1080,"height":566},{"@type":"BreadcrumbList","@id":"https:\/\/www.textile.gt\/let-the-temperature-rise-sublimation-and-summer\/#breadcrumb","itemListElement":[{"@type":"ListItem","position":1,"name":"Home","item":"https:\/\/www.textile.gt\/"},{"@type":"ListItem","position":2,"name":"Let the temperature rise, sublimation and summer!"}]},{"@type":"WebSite","@id":"https:\/\/www.textile.gt\/#website","url":"https:\/\/www.textile.gt\/","name":"Textile Guatemala","description":"","publisher":{"@id":"https:\/\/www.textile.gt\/#organization"},"potentialAction":[{"@type":"SearchAction","target":{"@type":"EntryPoint","urlTemplate":"https:\/\/www.textile.gt\/?s={search_term_string}"},"query-input":"required name=search_term_string"}],"inLanguage":"es"},{"@type":"Organization","@id":"https:\/\/www.textile.gt\/#organization","name":"Textile Guatemala","url":"https:\/\/www.textile.gt\/","logo":{"@type":"ImageObject","inLanguage":"es","@id":"https:\/\/www.textile.gt\/#\/schema\/logo\/image\/","url":"https:\/\/www.textile.gt\/wp-content\/uploads\/2022\/06\/cropped-LOGO-AZUL-TEXTILE.png","contentUrl":"https:\/\/www.textile.gt\/wp-content\/uploads\/2022\/06\/cropped-LOGO-AZUL-TEXTILE.png","width":512,"height":512,"caption":"Textile Guatemala"},"image":{"@id":"https:\/\/www.textile.gt\/#\/schema\/logo\/image\/"},"sameAs":["https:\/\/www.facebook.com\/Textile.gt","https:\/\/www.instagram.com\/"]},{"@type":"Person","@id":"https:\/\/www.textile.gt\/#\/schema\/person\/75265f99e2cf25d609636831cc2f8b39","name":"swadmin","image":{"@type":"ImageObject","inLanguage":"es","@id":"https:\/\/www.textile.gt\/#\/schema\/person\/image\/","url":"https:\/\/secure.gravatar.com\/avatar\/f7fe9a071c5dbbd7e32883b6a94e8e60cae391dc45bd58dde8e8b07aefe7c750?s=96&d=mm&r=g","contentUrl":"https:\/\/secure.gravatar.com\/avatar\/f7fe9a071c5dbbd7e32883b6a94e8e60cae391dc45bd58dde8e8b07aefe7c750?s=96&d=mm&r=g","caption":"swadmin"},"sameAs":["https:\/\/dev-textile-gt.pantheonsite.io"],"url":"https:\/\/www.textile.gt\/es\/author\/swadmin\/"}]}},"_links":{"self":[{"href":"https:\/\/www.textile.gt\/es\/wp-json\/wp\/v2\/posts\/4472","targetHints":{"allow":["GET"]}}],"collection":[{"href":"https:\/\/www.textile.gt\/es\/wp-json\/wp\/v2\/posts"}],"about":[{"href":"https:\/\/www.textile.gt\/es\/wp-json\/wp\/v2\/types\/post"}],"author":[{"embeddable":true,"href":"https:\/\/www.textile.gt\/es\/wp-json\/wp\/v2\/users\/1"}],"replies":[{"embeddable":true,"href":"https:\/\/www.textile.gt\/es\/wp-json\/wp\/v2\/comments?post=4472"}],"version-history":[{"count":0,"href":"https:\/\/www.textile.gt\/es\/wp-json\/wp\/v2\/posts\/4472\/revisions"}],"wp:featuredmedia":[{"embeddable":true,"href":"https:\/\/www.textile.gt\/es\/wp-json\/wp\/v2\/media\/4474"}],"wp:attachment":[{"href":"https:\/\/www.textile.gt\/es\/wp-json\/wp\/v2\/media?parent=4472"}],"wp:term":[{"taxonomy":"category","embeddable":true,"href":"https:\/\/www.textile.gt\/es\/wp-json\/wp\/v2\/categories?post=4472"},{"taxonomy":"post_tag","embeddable":true,"href":"https:\/\/www.textile.gt\/es\/wp-json\/wp\/v2\/tags?post=4472"}],"curies":[{"name":"wp","href":"https:\/\/api.w.org\/{rel}","templated":true}]}}